[{"@context":"https:\/\/schema.org\/","@type":"Article","@id":"https:\/\/www.atila.cz\/autem-na-vylety\/#Article","mainEntityOfPage":"https:\/\/www.atila.cz\/autem-na-vylety\/","headline":"Autem na v\u00fdlety","name":"Autem na v\u00fdlety","description":"Kdy\u017e mi bylo deset let, u\u017e jsem se \u00fapln\u011b t\u011b\u0161ila na to, a\u017e budu moci jezdit autem. Moje sestra, kter\u00e1... <a href=\"https:\/\/www.atila.cz\/autem-na-vylety\/\">read more<\/a>","datePublished":"2022-04-08","dateModified":"2023-05-19","author":{"@type":"Person","@id":"https:\/\/www.atila.cz\/author\/#Person","name":"","url":"https:\/\/www.atila.cz\/author\/","identifier":1,"image":{"@type":"ImageObject","@id":"https:\/\/secure.gravatar.com\/avatar\/40308b9402d145b1dc164f447b6506e9dadca8c8362c3ffb52df95e789c0fd10?s=96&d=mm&r=g","url":"https:\/\/secure.gravatar.com\/avatar\/40308b9402d145b1dc164f447b6506e9dadca8c8362c3ffb52df95e789c0fd10?s=96&d=mm&r=g","height":96,"width":96}},"publisher":{"@type":"Organization","name":"atila.cz","logo":{"@type":"ImageObject","@id":"\/logo.png","url":"\/logo.png","width":600,"height":60}},"image":{"@type":"ImageObject","@id":"https:\/\/www.atila.cz\/wp-content\/uploads\/football-3572907_960_720.jpg","url":"https:\/\/www.atila.cz\/wp-content\/uploads\/football-3572907_960_720.jpg","height":0,"width":0},"url":"https:\/\/www.atila.cz\/autem-na-vylety\/","about":["Auto moto"],"wordCount":433,"articleBody":"Kdy\u017e mi bylo deset let, u\u017e jsem se \u00fapln\u011b t\u011b\u0161ila na to, a\u017e budu moci jezdit autem. Moje sestra, kter\u00e1 je o deset let star\u0161\u00ed, ne\u017e j\u00e1 si kone\u010dn\u011b u\u017e d\u011blala \u0159idi\u010dsk\u00fd pr\u016fkaz. A abych se v\u00e1m p\u0159iznala, tak jsem sv\u00e9 sest\u0159e velmi z\u00e1vid\u011bla. Cht\u011bla jsem m\u00edt taky n\u011bco skv\u011bl\u00e9ho, jako ona. Proto\u017ee pokud m\u00e1te \u0159idi\u010dsk\u00fd pr\u016fkaz a taky auto, tak potom jste v\u00edce mobiln\u00ed a m\u016f\u017eete jezdit t\u0159eba na n\u011bjak\u00e9 v\u00fdlety anebo nakupovat. Mn\u011b se taky tohle velmi l\u00edbilo, proto jsem si \u0159ekla, \u017ee a\u017e budu dosp\u011bl\u00e1, po\u0159\u00edd\u00edm si taky auto a \u0159idi\u010dsk\u00fd pr\u016fkaz. Nic lep\u0161\u00edho jsem si v\u00e1\u017en\u011b p\u0159\u00e1t nemohla. A potom, kdy\u017e si moje sestra ud\u011blala \u0159idi\u010dsk\u00fd pr\u016fkaz, tak m\u011b taky vzala na kr\u00e1sn\u00fd v\u00fdlet. Jely jsme do Hradce Kr\u00e1lov\u00e9, kam jsme se potom pod\u00edvaly taky do\u00a0aquaparku. Se sestrou takhle autem jezd\u00edm a velmi \u010dasto, proto\u017ee n\u00e1s to moc bav\u00ed a je to velk\u00e1 legrace. A hlavn\u011b autem je v\u0161echno rychlej\u0161\u00ed\u00a0a taky pohodln\u011bj\u0161\u00ed.A se sestrou n\u00e1m to taky upev\u0148uje na\u0161e sestersk\u00e9 vztahy. Taky si vzpom\u00edn\u00e1m, jak jsme se d\u0159\u00edve se sestrou opravdu dost nesn\u00e1\u0161ely a st\u00e1le jsme se h\u00e1daly. A opravdu nikdy bych nev\u011b\u0159ila, \u017ee pr\u00e1v\u011b auto tady ty na\u0161e vztahy vylep\u0161\u00ed. V\u00edte, kdy\u017e \u010dlov\u011bk nen\u00ed st\u00e1le doma a m\u016f\u017ee autem jet kdykoliv n\u011bkam na v\u00fdlet anebo na n\u00e1kup, tak to taky \u010dlov\u011bku na psychice hodn\u011b p\u0159id\u00e1. A p\u0159id\u00e1m mu to hodn\u011b pozitivn\u00edho my\u0161len\u00ed. Tedy alespo\u0148 j\u00e1 to tak c\u00edt\u00edm a sestra nejsp\u00ed\u0161 taky.\u00a0J\u00e1 jsem byla sama r\u00e1da, \u017ee se sestrou u\u017e m\u00e1me kr\u00e1sn\u00fd vztah, proto\u017ee na\u0161e p\u0159est\u0159elky maminku st\u00e1le tr\u00e1pily, tak\u017ee jsem r\u00e1da, \u017ee alespo\u0148 n\u011bco n\u00e1m ty vztahy zlep\u0161ilo. A pokud i vy m\u00e1te auto, tak si toho va\u017ete. Je mnoho lid\u00ed, kte\u0159\u00ed auto m\u00edt nemohou, ale hodn\u011b jim chyb\u00ed, proto\u017ee t\u0159eba nemohu b\u00fdt s rodinou na v\u00fdlet\u011b nebo na velk\u00e9 n\u00e1kupy. J\u00e1 u\u017e tedy sice taky m\u00e1m sv\u016fj \u0159idi\u010dsk\u00fd pr\u016fkaz a taky m\u00e1m auto,\u00a0ale se sestrou a maminkou st\u00e1le jezd\u00edme spolu na p\u011bkn\u00e9 a velmi \u010dast\u00e9 v\u00fdlety.\u00a0                                                                                                                                                                                                                                                                                                                                                                                        3.9\/5 - (11 votes)        "},{"@context":"https:\/\/schema.org\/","@type":"BreadcrumbList","itemListElement":[{"@type":"ListItem","position":1,"name":"Autem na v\u00fdlety","item":"https:\/\/www.atila.cz\/autem-na-vylety\/#breadcrumbitem"}]}]