{"@context":"https:\/\/schema.org\/","@type":"CollectionPage","@id":"https:\/\/www.atila.cz\/business\/#CollectionPage","headline":"Business Category","description":"","url":"https:\/\/www.atila.cz\/business\/","hasPart":[{"@type":"Article","@id":"https:\/\/www.atila.cz\/elektrikarske-prace-v-zemedelskem-arealu\/","headline":"Elektrik\u00e1\u0159sk\u00e9 pr\u00e1ce v zem\u011bd\u011blsk\u00e9m are\u00e1lu","url":"https:\/\/www.atila.cz\/elektrikarske-prace-v-zemedelskem-arealu\/","datePublished":"2025-12-01","dateModified":"2025-12-01","mainEntityOfPage":"https:\/\/www.atila.cz\/elektrikarske-prace-v-zemedelskem-arealu\/","author":{"@type":"Person","@id":"https:\/\/www.atila.cz\/author\/#Person","name":"","url":"https:\/\/www.atila.cz\/author\/","identifier":1,"image":{"@type":"ImageObject","@id":"https:\/\/secure.gravatar.com\/avatar\/40308b9402d145b1dc164f447b6506e9dadca8c8362c3ffb52df95e789c0fd10?s=96&d=mm&r=g","url":"https:\/\/secure.gravatar.com\/avatar\/40308b9402d145b1dc164f447b6506e9dadca8c8362c3ffb52df95e789c0fd10?s=96&d=mm&r=g","height":96,"width":96}},"publisher":{"@type":"Organization","name":"atila.cz","logo":{"@type":"ImageObject","@id":"\/logo.png","url":"\/logo.png","width":600,"height":60}},"image":{"@type":"ImageObject","@id":"https:\/\/www.atila.cz\/wp-content\/uploads\/electrician-3276851_640_10_3.jpg","url":"https:\/\/www.atila.cz\/wp-content\/uploads\/electrician-3276851_640_10_3.jpg","height":0,"width":0},"keywords":null},{"@type":"Article","@id":"https:\/\/www.atila.cz\/try-nice-symphony\/","headline":"Try nice symphony","url":"https:\/\/www.atila.cz\/try-nice-symphony\/","datePublished":"2025-08-28","dateModified":"2025-08-28","mainEntityOfPage":"https:\/\/www.atila.cz\/try-nice-symphony\/","author":{"@type":"Person","@id":"https:\/\/www.atila.cz\/author\/#Person","name":"","url":"https:\/\/www.atila.cz\/author\/","identifier":1,"image":{"@type":"ImageObject","@id":"https:\/\/secure.gravatar.com\/avatar\/40308b9402d145b1dc164f447b6506e9dadca8c8362c3ffb52df95e789c0fd10?s=96&d=mm&r=g","url":"https:\/\/secure.gravatar.com\/avatar\/40308b9402d145b1dc164f447b6506e9dadca8c8362c3ffb52df95e789c0fd10?s=96&d=mm&r=g","height":96,"width":96}},"publisher":{"@type":"Organization","name":"atila.cz","logo":{"@type":"ImageObject","@id":"\/logo.png","url":"\/logo.png","width":600,"height":60}},"image":{"@type":"ImageObject","@id":"https:\/\/www.atila.cz\/wp-content\/uploads\/koncert%20v%C3%A1%C5%BEn%C3%A9%20hudby_1.jpg","url":"https:\/\/www.atila.cz\/wp-content\/uploads\/koncert%20v%C3%A1%C5%BEn%C3%A9%20hudby_1.jpg","height":0,"width":0},"keywords":null},{"@type":"Article","@id":"https:\/\/www.atila.cz\/krasne-zuby\/","headline":"Kr\u00e1sn\u00e9 zuby","url":"https:\/\/www.atila.cz\/krasne-zuby\/","datePublished":"2025-04-16","dateModified":"2025-04-16","mainEntityOfPage":"https:\/\/www.atila.cz\/krasne-zuby\/","author":{"@type":"Person","@id":"https:\/\/www.atila.cz\/author\/#Person","name":"","url":"https:\/\/www.atila.cz\/author\/","identifier":1,"image":{"@type":"ImageObject","@id":"https:\/\/secure.gravatar.com\/avatar\/40308b9402d145b1dc164f447b6506e9dadca8c8362c3ffb52df95e789c0fd10?s=96&d=mm&r=g","url":"https:\/\/secure.gravatar.com\/avatar\/40308b9402d145b1dc164f447b6506e9dadca8c8362c3ffb52df95e789c0fd10?s=96&d=mm&r=g","height":96,"width":96}},"publisher":{"@type":"Organization","name":"atila.cz","logo":{"@type":"ImageObject","@id":"\/logo.png","url":"\/logo.png","width":600,"height":60}},"image":{"@type":"ImageObject","@id":"https:\/\/www.atila.cz\/wp-content\/uploads\/dentist-4373290_640_2.jpg","url":"https:\/\/www.atila.cz\/wp-content\/uploads\/dentist-4373290_640_2.jpg","height":0,"width":0},"keywords":null},{"@type":"Article","@id":"https:\/\/www.atila.cz\/betonovy-plot-si-nechte-sestavit-na-klic\/","headline":"Betonov\u00fd plot si nechte sestavit na kl\u00ed\u010d","url":"https:\/\/www.atila.cz\/betonovy-plot-si-nechte-sestavit-na-klic\/","datePublished":"2024-08-13","dateModified":"2024-08-13","mainEntityOfPage":"https:\/\/www.atila.cz\/betonovy-plot-si-nechte-sestavit-na-klic\/","author":{"@type":"Person","@id":"https:\/\/www.atila.cz\/author\/#Person","name":"","url":"https:\/\/www.atila.cz\/author\/","identifier":1,"image":{"@type":"ImageObject","@id":"https:\/\/secure.gravatar.com\/avatar\/40308b9402d145b1dc164f447b6506e9dadca8c8362c3ffb52df95e789c0fd10?s=96&d=mm&r=g","url":"https:\/\/secure.gravatar.com\/avatar\/40308b9402d145b1dc164f447b6506e9dadca8c8362c3ffb52df95e789c0fd10?s=96&d=mm&r=g","height":96,"width":96}},"publisher":{"@type":"Organization","name":"atila.cz","logo":{"@type":"ImageObject","@id":"\/logo.png","url":"\/logo.png","width":600,"height":60}},"image":{"@type":"ImageObject","@id":"https:\/\/www.atila.cz\/wp-content\/uploads\/wall-1733680_640_3.jpg","url":"https:\/\/www.atila.cz\/wp-content\/uploads\/wall-1733680_640_3.jpg","height":0,"width":0},"keywords":null},{"@type":"Article","@id":"https:\/\/www.atila.cz\/popularita-ipadu-roste\/","headline":"Popularita iPadu roste","url":"https:\/\/www.atila.cz\/popularita-ipadu-roste\/","datePublished":"2024-06-11","dateModified":"2024-06-11","mainEntityOfPage":"https:\/\/www.atila.cz\/popularita-ipadu-roste\/","author":{"@type":"Person","@id":"https:\/\/www.atila.cz\/author\/#Person","name":"","url":"https:\/\/www.atila.cz\/author\/","identifier":1,"image":{"@type":"ImageObject","@id":"https:\/\/secure.gravatar.com\/avatar\/40308b9402d145b1dc164f447b6506e9dadca8c8362c3ffb52df95e789c0fd10?s=96&d=mm&r=g","url":"https:\/\/secure.gravatar.com\/avatar\/40308b9402d145b1dc164f447b6506e9dadca8c8362c3ffb52df95e789c0fd10?s=96&d=mm&r=g","height":96,"width":96}},"publisher":{"@type":"Organization","name":"atila.cz","logo":{"@type":"ImageObject","@id":"\/logo.png","url":"\/logo.png","width":600,"height":60}},"image":{"@type":"ImageObject","@id":"https:\/\/www.atila.cz\/wp-content\/uploads\/ipad-2618343_640_6.jpg","url":"https:\/\/www.atila.cz\/wp-content\/uploads\/ipad-2618343_640_6.jpg","height":0,"width":0},"keywords":null},{"@type":"Article","@id":"https:\/\/www.atila.cz\/prijemna-vune\/","headline":"P\u0159\u00edjemn\u00e1 v\u016fn\u011b","url":"https:\/\/www.atila.cz\/prijemna-vune\/","datePublished":"2024-02-26","dateModified":"2024-02-26","mainEntityOfPage":"https:\/\/www.atila.cz\/prijemna-vune\/","author":{"@type":"Person","@id":"https:\/\/www.atila.cz\/author\/#Person","name":"","url":"https:\/\/www.atila.cz\/author\/","identifier":1,"image":{"@type":"ImageObject","@id":"https:\/\/secure.gravatar.com\/avatar\/40308b9402d145b1dc164f447b6506e9dadca8c8362c3ffb52df95e789c0fd10?s=96&d=mm&r=g","url":"https:\/\/secure.gravatar.com\/avatar\/40308b9402d145b1dc164f447b6506e9dadca8c8362c3ffb52df95e789c0fd10?s=96&d=mm&r=g","height":96,"width":96}},"publisher":{"@type":"Organization","name":"atila.cz","logo":{"@type":"ImageObject","@id":"\/logo.png","url":"\/logo.png","width":600,"height":60}},"image":{"@type":"ImageObject","@id":"https:\/\/www.atila.cz\/wp-content\/uploads\/pexels-olena-bohovyk-11587598_5.jpg","url":"https:\/\/www.atila.cz\/wp-content\/uploads\/pexels-olena-bohovyk-11587598_5.jpg","height":0,"width":0},"keywords":null},{"@type":"Article","@id":"https:\/\/www.atila.cz\/kvetiny-originalne\/","headline":"Kv\u011btiny origin\u00e1ln\u011b","url":"https:\/\/www.atila.cz\/kvetiny-originalne\/","datePublished":"2023-10-16","dateModified":"2023-11-20","mainEntityOfPage":"https:\/\/www.atila.cz\/kvetiny-originalne\/","author":{"@type":"Person","@id":"https:\/\/www.atila.cz\/author\/#Person","name":"","url":"https:\/\/www.atila.cz\/author\/","identifier":1,"image":{"@type":"ImageObject","@id":"https:\/\/secure.gravatar.com\/avatar\/40308b9402d145b1dc164f447b6506e9dadca8c8362c3ffb52df95e789c0fd10?s=96&d=mm&r=g","url":"https:\/\/secure.gravatar.com\/avatar\/40308b9402d145b1dc164f447b6506e9dadca8c8362c3ffb52df95e789c0fd10?s=96&d=mm&r=g","height":96,"width":96}},"publisher":{"@type":"Organization","name":"atila.cz","logo":{"@type":"ImageObject","@id":"\/logo.png","url":"\/logo.png","width":600,"height":60}},"image":{"@type":"ImageObject","@id":"https:\/\/www.atila.cz\/wp-content\/uploads\/pexels-hassan-ouajbir-2232567.jpg","url":"https:\/\/www.atila.cz\/wp-content\/uploads\/pexels-hassan-ouajbir-2232567.jpg","height":0,"width":0},"keywords":null},{"@type":"Article","@id":"https:\/\/www.atila.cz\/kamagra-gel-pro-spravnou-erekci\/","headline":"Kamagra gel pro spr\u00e1vnou erekci","url":"https:\/\/www.atila.cz\/kamagra-gel-pro-spravnou-erekci\/","datePublished":"2023-07-29","dateModified":"2024-05-27","mainEntityOfPage":"https:\/\/www.atila.cz\/kamagra-gel-pro-spravnou-erekci\/","author":{"@type":"Person","@id":"https:\/\/www.atila.cz\/author\/#Person","name":"","url":"https:\/\/www.atila.cz\/author\/","identifier":1,"image":{"@type":"ImageObject","@id":"https:\/\/secure.gravatar.com\/avatar\/40308b9402d145b1dc164f447b6506e9dadca8c8362c3ffb52df95e789c0fd10?s=96&d=mm&r=g","url":"https:\/\/secure.gravatar.com\/avatar\/40308b9402d145b1dc164f447b6506e9dadca8c8362c3ffb52df95e789c0fd10?s=96&d=mm&r=g","height":96,"width":96}},"publisher":{"@type":"Organization","name":"atila.cz","logo":{"@type":"ImageObject","@id":"\/logo.png","url":"\/logo.png","width":600,"height":60}},"image":{"@type":"ImageObject","@id":"https:\/\/www.atila.cz\/wp-content\/uploads\/deon-black-bk36b0t2MXw-unsplash_2.jpg","url":"https:\/\/www.atila.cz\/wp-content\/uploads\/deon-black-bk36b0t2MXw-unsplash_2.jpg","height":0,"width":0},"keywords":null},{"@type":"Article","@id":"https:\/\/www.atila.cz\/jak-se-oblekat-po-tricitce\/","headline":"Jak se obl\u00e9kat po t\u0159ic\u00edtce?","url":"https:\/\/www.atila.cz\/jak-se-oblekat-po-tricitce\/","datePublished":"2022-12-25","dateModified":"2023-05-19","mainEntityOfPage":"https:\/\/www.atila.cz\/jak-se-oblekat-po-tricitce\/","author":{"@type":"Person","@id":"https:\/\/www.atila.cz\/author\/#Person","name":"","url":"https:\/\/www.atila.cz\/author\/","identifier":1,"image":{"@type":"ImageObject","@id":"https:\/\/secure.gravatar.com\/avatar\/40308b9402d145b1dc164f447b6506e9dadca8c8362c3ffb52df95e789c0fd10?s=96&d=mm&r=g","url":"https:\/\/secure.gravatar.com\/avatar\/40308b9402d145b1dc164f447b6506e9dadca8c8362c3ffb52df95e789c0fd10?s=96&d=mm&r=g","height":96,"width":96}},"publisher":{"@type":"Organization","name":"atila.cz","logo":{"@type":"ImageObject","@id":"\/logo.png","url":"\/logo.png","width":600,"height":60}},"image":{"@type":"ImageObject","@id":"https:\/\/www.atila.cz\/wp-content\/uploads\/pexels-marcus-silva-14984388.jpg","url":"https:\/\/www.atila.cz\/wp-content\/uploads\/pexels-marcus-silva-14984388.jpg","height":0,"width":0},"keywords":null},{"@type":"Article","@id":"https:\/\/www.atila.cz\/nenechame-vas-ve-stychu\/","headline":"Nenech\u00e1me v\u00e1s ve \u0161tychu!","url":"https:\/\/www.atila.cz\/nenechame-vas-ve-stychu\/","datePublished":"2022-06-14","dateModified":"2023-05-19","mainEntityOfPage":"https:\/\/www.atila.cz\/nenechame-vas-ve-stychu\/","author":{"@type":"Person","@id":"https:\/\/www.atila.cz\/author\/#Person","name":"","url":"https:\/\/www.atila.cz\/author\/","identifier":1,"image":{"@type":"ImageObject","@id":"https:\/\/secure.gravatar.com\/avatar\/40308b9402d145b1dc164f447b6506e9dadca8c8362c3ffb52df95e789c0fd10?s=96&d=mm&r=g","url":"https:\/\/secure.gravatar.com\/avatar\/40308b9402d145b1dc164f447b6506e9dadca8c8362c3ffb52df95e789c0fd10?s=96&d=mm&r=g","height":96,"width":96}},"publisher":{"@type":"Organization","name":"atila.cz","logo":{"@type":"ImageObject","@id":"\/logo.png","url":"\/logo.png","width":600,"height":60}},"image":{"@type":"ImageObject","@id":"https:\/\/www.atila.cz\/wp-content\/uploads\/refrigerator-gcf41a42eb_640.jpg","url":"https:\/\/www.atila.cz\/wp-content\/uploads\/refrigerator-gcf41a42eb_640.jpg","height":0,"width":0},"keywords":null}]}