[{"@context":"https:\/\/schema.org\/","@type":"Article","@id":"https:\/\/www.atila.cz\/drive-krvave-koleno-dnes-utopena-samara\/#Article","mainEntityOfPage":"https:\/\/www.atila.cz\/drive-krvave-koleno-dnes-utopena-samara\/","headline":"D\u0159\u00edve krvav\u00e9 koleno, dnes utopen\u00e1 Samara","name":"D\u0159\u00edve krvav\u00e9 koleno, dnes utopen\u00e1 Samara","description":"Jsou n\u011bkter\u00e9 v\u011bci a projevy, kter\u00e9 se u d\u011bt\u00ed prost\u011b nem\u011bn\u00ed. Pokud jste jezdili jako d\u011bti na letn\u00ed d\u011btsk\u00e9 t\u00e1bory,... <a href=\"https:\/\/www.atila.cz\/drive-krvave-koleno-dnes-utopena-samara\/\">read more<\/a>","datePublished":"2023-05-19","dateModified":"2023-05-19","author":{"@type":"Person","@id":"https:\/\/www.atila.cz\/author\/#Person","name":"","url":"https:\/\/www.atila.cz\/author\/","identifier":1,"image":{"@type":"ImageObject","@id":"https:\/\/secure.gravatar.com\/avatar\/40308b9402d145b1dc164f447b6506e9dadca8c8362c3ffb52df95e789c0fd10?s=96&d=mm&r=g","url":"https:\/\/secure.gravatar.com\/avatar\/40308b9402d145b1dc164f447b6506e9dadca8c8362c3ffb52df95e789c0fd10?s=96&d=mm&r=g","height":96,"width":96}},"publisher":{"@type":"Organization","name":"atila.cz","logo":{"@type":"ImageObject","@id":"\/logo.png","url":"\/logo.png","width":600,"height":60}},"image":{"@type":"ImageObject","@id":"https:\/\/www.atila.cz\/wp-content\/uploads\/img_a297592_w2053_t1508009818.jpg","url":"https:\/\/www.atila.cz\/wp-content\/uploads\/img_a297592_w2053_t1508009818.jpg","height":0,"width":0},"url":"https:\/\/www.atila.cz\/drive-krvave-koleno-dnes-utopena-samara\/","wordCount":429,"articleBody":"Jsou n\u011bkter\u00e9 v\u011bci a projevy, kter\u00e9 se u d\u011bt\u00ed prost\u011b nem\u011bn\u00ed. Pokud jste jezdili jako d\u011bti na letn\u00ed d\u011btsk\u00e9 t\u00e1bory, ur\u010dit\u011b si pamatujete jeden z\u00e1\u017eitek. T\u00edm je vypr\u00e1v\u011bn\u00ed stra\u0161ideln\u00fdch p\u0159\u00edb\u011bh\u016f po ve\u010derce. Dlouho jsem m\u011bla dojem, \u017ee se tento fenom\u00e9n u\u017e ze \u017eivota sou\u010dasn\u00fdch d\u011bt\u00ed vytratil. Podle d\u011btsk\u00fdch psycholog\u016f to nen\u00ed pravda. Jen se hororov\u00e9 p\u0159\u00edb\u011bhy trochu posunuly.\u00a7\u00a0 A tak zat\u00edmco star\u0161\u00ed generace si pamatuje na hr\u016fzu, kterou za\u017e\u00edvali p\u0159i vypr\u00e1v\u011bn\u00ed o krvav\u00e9m kolenu, ta nejmlad\u0161\u00ed se bude potit hr\u016fzou, \u017ee jim do chatky v noci vleze utopen\u00e1 Samara z hororu Kruh.\u00a7\u00a0 V\u00fdsledek bude naprosto stejn\u00fd.A\u010dkoliv se o dne\u0161n\u00edch d\u011btech \u0159\u00edk\u00e1, \u017ee se neum\u011bj\u00ed po\u0159\u00e1dn\u011b vyj\u00e1d\u0159it a \u017ee je jejich slovn\u00ed z\u00e1soba velice omezen\u00e1, na t\u00e1bo\u0159e se v\u0161e zm\u011bn\u00ed. Ka\u017edou noc si bere slovo n\u011bkter\u00fd z d\u011btsk\u00fdch vyprav\u011b\u010d\u016f, aby ostatn\u00ed pobavil historkami o tom, jak se jeho kamar\u00e1dovi stala opravdu stra\u0161n\u00e1 p\u0159\u00edhoda. &#8211;\u00a0\u00a0\u00a0\u00a0\u00a0\u00a0\u00a0\u00a0 V\u011bt\u0161inou p\u0159i n\u00ed te\u010de krev.&#8211;\u00a0\u00a0\u00a0\u00a0\u00a0\u00a0\u00a0\u00a0 N\u011bkdy j\u00ed m\u016f\u017ee b\u00fdt i v\u00edce.&#8211;\u00a0\u00a0\u00a0\u00a0\u00a0\u00a0\u00a0\u00a0 Ale rozhodn\u011b mus\u00ed b\u00fdt p\u0159\u00edtomn\u00e1 mrtvola.&#8211;\u00a0\u00a0\u00a0\u00a0\u00a0\u00a0\u00a0\u00a0 Bu\u010f hned na za\u010d\u00e1tku, nebo se j\u00ed n\u011bkdo ur\u010dit\u011b stane v\u00a0pr\u016fb\u011bhu vypr\u00e1v\u011bn\u00ed.\tD\u011bti se prost\u011b cht\u011bj\u00ed kolektivn\u011b b\u00e1tPro\u010d se vlastn\u011b d\u011bti sna\u017e\u00ed vz\u00e1jemn\u011b vystra\u0161it? Mnoho rodi\u010d\u016f m\u00e1 p\u0159eci tu zku\u0161enost, \u017ee se jejich d\u00edt\u011b mnohdy boj\u00ed i ve sv\u00e9m vlastn\u00edm pokoj\u00ed\u010dku a vy\u017eaduje pootev\u0159en\u00e9 dve\u0159e a rozsv\u00edcen\u00e9 sv\u011btlo. Je to velice jednoduch\u00e9.\u00a7\u00a0 Na t\u00e1bo\u0159e, v kolektivu stejn\u011b star\u00fdch d\u011bt\u00ed, je to prost\u011b o n\u011b\u010dem jin\u00e9m.\u00a7\u00a0 Tady se strach st\u00e1v\u00e1 spole\u010dnou z\u00e1bavou a zpest\u0159en\u00edm.Rozhodn\u011b se nemus\u00edte ni\u010deho ob\u00e1vat, kdy\u017e v\u00e1m d\u00edt\u011b ze sv\u00e9ho letn\u00edho pobytu p\u0159iveze n\u011bjakou tu zaj\u00edmavou historku o vra\u017ed\u00edc\u00edm monstru. Prost\u011b to k d\u011btsk\u00e9 t\u00e1borov\u00e9 z\u00e1bav\u011b pat\u0159\u00ed. A pokud jste na t\u00e1bo\u0159e nikdy nebyli, zkuste se na to n\u011bkoho dosp\u011bl\u00e9ho zeptat. Uvid\u00edte, \u017ee si je\u0161t\u011b po l\u00e9tech vzpomenou na to, jak mu kamar\u00e1d vypr\u00e1v\u011bl, \u017ee se jednomu jeho kamar\u00e1dovi stala stra\u0161n\u00e1 p\u0159\u00edhoda&#8230;                                                                                                                                                                                                                                                                                                                                                                                        4.7\/5 - (13 votes)        "},{"@context":"https:\/\/schema.org\/","@type":"BreadcrumbList","itemListElement":[{"@type":"ListItem","position":1,"name":"D\u0159\u00edve krvav\u00e9 koleno, dnes utopen\u00e1 Samara","item":"https:\/\/www.atila.cz\/drive-krvave-koleno-dnes-utopena-samara\/#breadcrumbitem"}]}]