[{"@context":"https:\/\/schema.org\/","@type":"Article","@id":"https:\/\/www.atila.cz\/jenom-obleceni\/#Article","mainEntityOfPage":"https:\/\/www.atila.cz\/jenom-obleceni\/","headline":"Jenom oble\u010den\u00ed?","name":"Jenom oble\u010den\u00ed?","description":"P\u0159edstava, \u017ee m\u00f3dn\u00edm trend\u016fm podl\u00e9h\u00e1 pouze oble\u010den\u00ed a dopl\u0148ky nen\u00ed tak \u00fapln\u011b spr\u00e1vn\u00e1. L\u00ed\u010den\u00ed, barvy a \u00fapravy vlas\u016f, nebo celkov\u00fd... <a href=\"https:\/\/www.atila.cz\/jenom-obleceni\/\">read more<\/a>","datePublished":"2019-11-17","dateModified":"2023-05-19","author":{"@type":"Person","@id":"https:\/\/www.atila.cz\/author\/#Person","name":"","url":"https:\/\/www.atila.cz\/author\/","identifier":1,"image":{"@type":"ImageObject","@id":"https:\/\/secure.gravatar.com\/avatar\/40308b9402d145b1dc164f447b6506e9dadca8c8362c3ffb52df95e789c0fd10?s=96&d=mm&r=g","url":"https:\/\/secure.gravatar.com\/avatar\/40308b9402d145b1dc164f447b6506e9dadca8c8362c3ffb52df95e789c0fd10?s=96&d=mm&r=g","height":96,"width":96}},"publisher":{"@type":"Organization","name":"atila.cz","logo":{"@type":"ImageObject","@id":"\/logo.png","url":"\/logo.png","width":600,"height":60}},"image":{"@type":"ImageObject","@id":"https:\/\/www.atila.cz\/wp-content\/uploads\/img_a359413_w3299_t1573378675.jpg","url":"https:\/\/www.atila.cz\/wp-content\/uploads\/img_a359413_w3299_t1573378675.jpg","height":0,"width":0},"url":"https:\/\/www.atila.cz\/jenom-obleceni\/","about":["M\u00f3da"],"wordCount":392,"articleBody":"P\u0159edstava, \u017ee m\u00f3dn\u00edm trend\u016fm podl\u00e9h\u00e1 pouze oble\u010den\u00ed a dopl\u0148ky nen\u00ed tak \u00fapln\u011b spr\u00e1vn\u00e1. L\u00ed\u010den\u00ed, barvy a \u00fapravy vlas\u016f, nebo celkov\u00fd design pat\u0159\u00ed tak\u00e9 do t\u00e9to kategorie. Sta\u010d\u00ed se kamkoli pod\u00edvat, sta\u010d\u00ed otev\u0159\u00edt \u010dasopis, internet, televizi, v\u0161ude jsou n\u00e1m pravideln\u011b p\u0159edkl\u00e1d\u00e1ny obr\u00e1zky dokonal\u00fdch obli\u010dej\u016f, postav, \u017eivotn\u00edch styl\u016f. K\u0159eh\u010d\u00ed polovi\u010dky obyvatelstva daleko v\u00edce ne\u017e mu\u017ei \u0159e\u0161\u00ed, jak vypadaj\u00ed.&#13; Spousta \u017een se nech\u00e1 ovlivnit pr\u00e1v\u011b medi\u00e1ln\u00edm tlakem, jak by m\u011bly vypadat a jak \u017e\u00edt. Jsou p\u0159ipraveny ob\u011btovat nemal\u00e9 finan\u010dn\u00ed \u010d\u00e1stky, aby nakoupili, co je zrovna v kurzu. \u0158e\u0161\u00ed ka\u017edou vr\u00e1sku s p\u0159edstavou, \u017ee jedin\u00e9 mo\u017en\u00e9 \u0159e\u0161en\u00ed je z\u00e1krok chirurga. Dnes a denn\u011b propadaj\u00ed prakticky v depresivn\u00ed stav p\u0159i pohledu na displej v\u00e1hy. Je to nezdrav\u00e1 honba za n\u011b\u010d\u00edm, co mnohdy nen\u00ed ani pot\u0159eba. Br\u00e1t sebe sami jac\u00ed jsme, nau\u010dit se m\u00edt r\u00e1di i nedostatky, naopak d\u00e1t vyniknout p\u0159ednostem, to je cesta, jak b\u00fdt v souladu nejen s m\u00f3dou, ale hlavn\u011b s\u00e1m se sebou.&#13; Pokud finan\u010dn\u00ed rozpo\u010det nesta\u010d\u00ed na na\u0161e sny, nemus\u00edme nutn\u011b zoufat! I tady plat\u00ed star\u00e9 dobr\u00e9 p\u0159\u00edslov\u00ed, \u017ee n\u011bkdy m\u00e9n\u011b, znamen\u00e1 v\u00edce. Sta\u010d\u00ed otev\u0159\u00edt sk\u0159\u00ed\u0148 a zamyslet se nad jednotliv\u00fdmi kousky. N\u011bkdy dobr\u00e1 kombinace barev, \u010di materi\u00e1l\u016f, dok\u00e1\u017ee z\u00e1zraky. Jindy sta\u010d\u00ed drobn\u00fd dopln\u011bk, p\u00e1sek, \u0161perk, \u0161\u00e1tek. Rozz\u00e1\u0159\u00edte nudn\u00fd komplet, kter\u00fd okam\u017eit\u011b dostane pot\u0159ebn\u00fd \u0161mrnc.&#13; Barvy a oble\u010den\u00ed jsou kapitolou sami o sob\u011b. Ka\u017ed\u00e1 \u017eena ur\u010dit\u011b v\u00ed, kter\u00e9 t\u00f3ny vyu\u017e\u00edt a ve kter\u00fdch vynikne jej\u00ed potencion\u00e1l. U\u017e d\u00e1vno neplat\u00ed, \u017ee \u010dern\u00e1 je barvou \u010d\u00edslo jedna a b\u00edlou by nem\u011bly nosit boubelky. Naopak vhodnou kombinac\u00ed st\u0159ihu a materi\u00e1lu zjist\u00edte, \u017ee nosit m\u016f\u017eete cokoli. Nez\u00e1le\u017e\u00ed na v\u011bku, ani na barevn\u00e9m p\u0159esv\u011bd\u010den\u00ed. Pokuste se odhodit l\u00e9ty za\u017eit\u00e9 konvence a zkuste sv\u016fj \u0161atn\u00edk nap\u0159\u00edklad obohatit o nov\u00e9 trendov\u00e9 kousky. P\u0159esv\u011bd\u010dte nejen sami sebe, ale i sv\u00e9 okol\u00ed, \u017ee m\u00f3d\u011b rozum\u00edte a v\u00edte, jak se \u017eije!                                                                                                                                                                                                                                                                                                                                                                                        3.9\/5 - (9 votes)        "},{"@context":"https:\/\/schema.org\/","@type":"BreadcrumbList","itemListElement":[{"@type":"ListItem","position":1,"name":"Jenom oble\u010den\u00ed?","item":"https:\/\/www.atila.cz\/jenom-obleceni\/#breadcrumbitem"}]}]