[{"@context":"https:\/\/schema.org\/","@type":"Article","@id":"https:\/\/www.atila.cz\/koreni\/#Article","mainEntityOfPage":"https:\/\/www.atila.cz\/koreni\/","headline":"Ko\u0159en\u00ed","name":"Ko\u0159en\u00ed","description":"pot\u0159ebujeme nejen k dochucen\u00ed r\u016fzn\u00fdch pokrm\u016f, ale taky n\u00e1s udr\u017euje fit. Tedy, pokud je obsa\u017eeno v optim\u00e1ln\u00edm mno\u017estv\u00ed samoz\u0159ejm\u011b. A... <a href=\"https:\/\/www.atila.cz\/koreni\/\">read more<\/a>","datePublished":"2025-02-28","dateModified":"2025-02-28","author":{"@type":"Person","@id":"https:\/\/www.atila.cz\/author\/#Person","name":"","url":"https:\/\/www.atila.cz\/author\/","identifier":1,"image":{"@type":"ImageObject","@id":"https:\/\/secure.gravatar.com\/avatar\/40308b9402d145b1dc164f447b6506e9dadca8c8362c3ffb52df95e789c0fd10?s=96&d=mm&r=g","url":"https:\/\/secure.gravatar.com\/avatar\/40308b9402d145b1dc164f447b6506e9dadca8c8362c3ffb52df95e789c0fd10?s=96&d=mm&r=g","height":96,"width":96}},"publisher":{"@type":"Organization","name":"atila.cz","logo":{"@type":"ImageObject","@id":"\/logo.png","url":"\/logo.png","width":600,"height":60}},"url":"https:\/\/www.atila.cz\/koreni\/","wordCount":179,"articleBody":" pot\u0159ebujeme nejen k dochucen\u00ed r\u016fzn\u00fdch pokrm\u016f, ale taky n\u00e1s udr\u017euje fit. Tedy, pokud je obsa\u017eeno v optim\u00e1ln\u00edm mno\u017estv\u00ed samoz\u0159ejm\u011b. A my V\u00e1m nab\u00edz\u00edme ob\u011b varianty. Prvn\u00ed zahrnuje z\u00e1kladn\u00ed jednotliv\u00e1 a c\u00ed sm\u011bsi, druhou najdete v kolonce \u201efit a sexy ko\u0159en\u00ed\u201c. Ji\u017e n\u00e1zev napov\u00edd\u00e1, co m\u016f\u017eete od t\u011bchto sm\u011bs\u00ed o\u010dek\u00e1vat. A nen\u00ed toho m\u00e1lo.M\u00e1te-li z\u00e1jem, m\u016f\u017eete kliknout na kolonku \u201emapa sv\u011btov\u00e9ho ko\u0159en\u00ed\u201c, kde se mnoh\u00e9 dozv\u00edte nejen o p\u016fvodu samotn\u00e9ho, ale i o zemi, ve kter\u00e9 se p\u011bstuje. Tak\u00e9 V\u00e1m doporu\u010dujeme pod\u00edvat se do kolonky \u201ena\u0161e akce\u201c, kde uve\u0159ej\u0148ujeme data a m\u00edsta r\u016fzn\u00fdch druh\u016f festival\u016f, trh\u016f ale najdete tam ob\u010das i soute\u017ee o velice zaj\u00edmav\u00e9 ceny.Dopl\u0148kov\u00fd prodejNyn\u00ed m\u00e1te mo\u017enost koupit v dopl\u0148kov\u00e9m prodeji r\u016fzn\u00e9 d\u00e1rkov\u00e9 zbo\u017e\u00ed, nap\u0159\u00edklad d\u00e1rkov\u00e9 kazety \u010di sl\u00e1nky.                                                                                                                                                                                                                                                                                                                                                                                                "},{"@context":"https:\/\/schema.org\/","@type":"BreadcrumbList","itemListElement":[{"@type":"ListItem","position":1,"name":"Ko\u0159en\u00ed","item":"https:\/\/www.atila.cz\/koreni\/#breadcrumbitem"}]}]