{"@context":"https:\/\/schema.org\/","@type":"CollectionPage","@id":"https:\/\/www.atila.cz\/nakupy\/#CollectionPage","headline":"N\u00e1kupy Category","description":"","url":"https:\/\/www.atila.cz\/nakupy\/","hasPart":[{"@type":"Article","@id":"https:\/\/www.atila.cz\/prace-co-bavi\/","headline":"Pr\u00e1ce, co bav\u00ed","url":"https:\/\/www.atila.cz\/prace-co-bavi\/","datePublished":"2022-12-27","dateModified":"2023-07-21","mainEntityOfPage":"https:\/\/www.atila.cz\/prace-co-bavi\/","author":{"@type":"Person","@id":"https:\/\/www.atila.cz\/author\/#Person","name":"","url":"https:\/\/www.atila.cz\/author\/","identifier":1,"image":{"@type":"ImageObject","@id":"https:\/\/secure.gravatar.com\/avatar\/40308b9402d145b1dc164f447b6506e9dadca8c8362c3ffb52df95e789c0fd10?s=96&d=mm&r=g","url":"https:\/\/secure.gravatar.com\/avatar\/40308b9402d145b1dc164f447b6506e9dadca8c8362c3ffb52df95e789c0fd10?s=96&d=mm&r=g","height":96,"width":96}},"publisher":{"@type":"Organization","name":"atila.cz","logo":{"@type":"ImageObject","@id":"\/logo.png","url":"\/logo.png","width":600,"height":60}},"image":{"@type":"ImageObject","@id":"https:\/\/www.atila.cz\/wp-content\/uploads\/construction-site-1156566_960_720.jpg","url":"https:\/\/www.atila.cz\/wp-content\/uploads\/construction-site-1156566_960_720.jpg","height":0,"width":0},"keywords":null},{"@type":"Article","@id":"https:\/\/www.atila.cz\/kolagen-je-dobry-pomocnik\/","headline":"Kolagen je dobr\u00fd pomocn\u00edk","url":"https:\/\/www.atila.cz\/kolagen-je-dobry-pomocnik\/","datePublished":"2022-07-11","dateModified":"2023-05-19","mainEntityOfPage":"https:\/\/www.atila.cz\/kolagen-je-dobry-pomocnik\/","author":{"@type":"Person","@id":"https:\/\/www.atila.cz\/author\/#Person","name":"","url":"https:\/\/www.atila.cz\/author\/","identifier":1,"image":{"@type":"ImageObject","@id":"https:\/\/secure.gravatar.com\/avatar\/40308b9402d145b1dc164f447b6506e9dadca8c8362c3ffb52df95e789c0fd10?s=96&d=mm&r=g","url":"https:\/\/secure.gravatar.com\/avatar\/40308b9402d145b1dc164f447b6506e9dadca8c8362c3ffb52df95e789c0fd10?s=96&d=mm&r=g","height":96,"width":96}},"publisher":{"@type":"Organization","name":"atila.cz","logo":{"@type":"ImageObject","@id":"\/logo.png","url":"\/logo.png","width":600,"height":60}},"image":{"@type":"ImageObject","@id":"https:\/\/www.atila.cz\/wp-content\/uploads\/ple%C5%A5%20kr%C3%A1sn%C3%A1.JPG","url":"https:\/\/www.atila.cz\/wp-content\/uploads\/ple%C5%A5%20kr%C3%A1sn%C3%A1.JPG","height":0,"width":0},"keywords":null},{"@type":"Article","@id":"https:\/\/www.atila.cz\/jake-jsou-prirozene-vlastnosti-dreva\/","headline":"Jak\u00e9 jsou p\u0159irozen\u00e9 vlastnosti d\u0159eva","url":"https:\/\/www.atila.cz\/jake-jsou-prirozene-vlastnosti-dreva\/","datePublished":"2022-06-12","dateModified":"2023-12-01","mainEntityOfPage":"https:\/\/www.atila.cz\/jake-jsou-prirozene-vlastnosti-dreva\/","author":{"@type":"Person","@id":"https:\/\/www.atila.cz\/author\/#Person","name":"","url":"https:\/\/www.atila.cz\/author\/","identifier":1,"image":{"@type":"ImageObject","@id":"https:\/\/secure.gravatar.com\/avatar\/40308b9402d145b1dc164f447b6506e9dadca8c8362c3ffb52df95e789c0fd10?s=96&d=mm&r=g","url":"https:\/\/secure.gravatar.com\/avatar\/40308b9402d145b1dc164f447b6506e9dadca8c8362c3ffb52df95e789c0fd10?s=96&d=mm&r=g","height":96,"width":96}},"publisher":{"@type":"Organization","name":"atila.cz","logo":{"@type":"ImageObject","@id":"\/logo.png","url":"\/logo.png","width":600,"height":60}},"image":{"@type":"ImageObject","@id":"https:\/\/www.atila.cz\/wp-content\/uploads\/altan7_1.png","url":"https:\/\/www.atila.cz\/wp-content\/uploads\/altan7_1.png","height":0,"width":0},"keywords":null},{"@type":"Article","@id":"https:\/\/www.atila.cz\/chcete-zhubnout-skakejte\/","headline":"Chcete zhubnout? Sk\u00e1kejte","url":"https:\/\/www.atila.cz\/chcete-zhubnout-skakejte\/","datePublished":"2022-05-23","dateModified":"2023-05-19","mainEntityOfPage":"https:\/\/www.atila.cz\/chcete-zhubnout-skakejte\/","author":{"@type":"Person","@id":"https:\/\/www.atila.cz\/author\/#Person","name":"","url":"https:\/\/www.atila.cz\/author\/","identifier":1,"image":{"@type":"ImageObject","@id":"https:\/\/secure.gravatar.com\/avatar\/40308b9402d145b1dc164f447b6506e9dadca8c8362c3ffb52df95e789c0fd10?s=96&d=mm&r=g","url":"https:\/\/secure.gravatar.com\/avatar\/40308b9402d145b1dc164f447b6506e9dadca8c8362c3ffb52df95e789c0fd10?s=96&d=mm&r=g","height":96,"width":96}},"publisher":{"@type":"Organization","name":"atila.cz","logo":{"@type":"ImageObject","@id":"\/logo.png","url":"\/logo.png","width":600,"height":60}},"image":{"@type":"ImageObject","@id":"https:\/\/www.atila.cz\/wp-content\/uploads\/Trampol%C3%ADny%20na%20ve%C5%99ejn%C3%A9m%20h%C5%99i%C5%A1ti.jpg","url":"https:\/\/www.atila.cz\/wp-content\/uploads\/Trampol%C3%ADny%20na%20ve%C5%99ejn%C3%A9m%20h%C5%99i%C5%A1ti.jpg","height":0,"width":0},"keywords":null},{"@type":"Article","@id":"https:\/\/www.atila.cz\/o-vyhodach-mobilni-nafukovaci-virivky\/","headline":"O v\u00fdhod\u00e1ch mobiln\u00ed nafukovac\u00ed v\u00ed\u0159ivky","url":"https:\/\/www.atila.cz\/o-vyhodach-mobilni-nafukovaci-virivky\/","datePublished":"2022-05-14","dateModified":"2023-05-19","mainEntityOfPage":"https:\/\/www.atila.cz\/o-vyhodach-mobilni-nafukovaci-virivky\/","author":{"@type":"Person","@id":"https:\/\/www.atila.cz\/author\/#Person","name":"","url":"https:\/\/www.atila.cz\/author\/","identifier":1,"image":{"@type":"ImageObject","@id":"https:\/\/secure.gravatar.com\/avatar\/40308b9402d145b1dc164f447b6506e9dadca8c8362c3ffb52df95e789c0fd10?s=96&d=mm&r=g","url":"https:\/\/secure.gravatar.com\/avatar\/40308b9402d145b1dc164f447b6506e9dadca8c8362c3ffb52df95e789c0fd10?s=96&d=mm&r=g","height":96,"width":96}},"publisher":{"@type":"Organization","name":"atila.cz","logo":{"@type":"ImageObject","@id":"\/logo.png","url":"\/logo.png","width":600,"height":60}},"image":{"@type":"ImageObject","@id":"https:\/\/www.atila.cz\/wp-content\/uploads\/whirlpool-g356bcaa65_640.jpg","url":"https:\/\/www.atila.cz\/wp-content\/uploads\/whirlpool-g356bcaa65_640.jpg","height":0,"width":0},"keywords":null},{"@type":"Article","@id":"https:\/\/www.atila.cz\/pripravky-na-podporu-erekce\/","headline":"P\u0159\u00edpravky na podporu erekce","url":"https:\/\/www.atila.cz\/pripravky-na-podporu-erekce\/","datePublished":"2022-04-03","dateModified":"2023-05-19","mainEntityOfPage":"https:\/\/www.atila.cz\/pripravky-na-podporu-erekce\/","author":{"@type":"Person","@id":"https:\/\/www.atila.cz\/author\/#Person","name":"","url":"https:\/\/www.atila.cz\/author\/","identifier":1,"image":{"@type":"ImageObject","@id":"https:\/\/secure.gravatar.com\/avatar\/40308b9402d145b1dc164f447b6506e9dadca8c8362c3ffb52df95e789c0fd10?s=96&d=mm&r=g","url":"https:\/\/secure.gravatar.com\/avatar\/40308b9402d145b1dc164f447b6506e9dadca8c8362c3ffb52df95e789c0fd10?s=96&d=mm&r=g","height":96,"width":96}},"publisher":{"@type":"Organization","name":"atila.cz","logo":{"@type":"ImageObject","@id":"\/logo.png","url":"\/logo.png","width":600,"height":60}},"image":{"@type":"ImageObject","@id":"https:\/\/www.atila.cz\/wp-content\/uploads\/mu%C5%BE%20%C4%8Dten%C3%AD,%20k%C3%A1va.jpg","url":"https:\/\/www.atila.cz\/wp-content\/uploads\/mu%C5%BE%20%C4%8Dten%C3%AD,%20k%C3%A1va.jpg","height":0,"width":0},"keywords":null},{"@type":"Article","@id":"https:\/\/www.atila.cz\/priprava-auta-na-zimu\/","headline":"P\u0159\u00edprava auta na zimu","url":"https:\/\/www.atila.cz\/priprava-auta-na-zimu\/","datePublished":"2021-10-25","dateModified":"2023-05-19","mainEntityOfPage":"https:\/\/www.atila.cz\/priprava-auta-na-zimu\/","author":{"@type":"Person","@id":"https:\/\/www.atila.cz\/author\/#Person","name":"","url":"https:\/\/www.atila.cz\/author\/","identifier":1,"image":{"@type":"ImageObject","@id":"https:\/\/secure.gravatar.com\/avatar\/40308b9402d145b1dc164f447b6506e9dadca8c8362c3ffb52df95e789c0fd10?s=96&d=mm&r=g","url":"https:\/\/secure.gravatar.com\/avatar\/40308b9402d145b1dc164f447b6506e9dadca8c8362c3ffb52df95e789c0fd10?s=96&d=mm&r=g","height":96,"width":96}},"publisher":{"@type":"Organization","name":"atila.cz","logo":{"@type":"ImageObject","@id":"\/logo.png","url":"\/logo.png","width":600,"height":60}},"image":{"@type":"ImageObject","@id":"https:\/\/www.atila.cz\/wp-content\/uploads\/pedestrian-crossing-344217_960_720.jpg","url":"https:\/\/www.atila.cz\/wp-content\/uploads\/pedestrian-crossing-344217_960_720.jpg","height":0,"width":0},"keywords":null},{"@type":"Article","@id":"https:\/\/www.atila.cz\/vybrat-si-vhodny-zubni-kartacek-nemusi-byt-takova-veda-jak-postupovat-a-ceho-si-vsimat\/","headline":"Vybrat si vhodn\u00fd zubn\u00ed kart\u00e1\u010dek nemus\u00ed b\u00fdt takov\u00e1 v\u011bda &#8211; Jak postupovat a \u010deho si v\u0161\u00edmat?","url":"https:\/\/www.atila.cz\/vybrat-si-vhodny-zubni-kartacek-nemusi-byt-takova-veda-jak-postupovat-a-ceho-si-vsimat\/","datePublished":"2021-08-11","dateModified":"2023-11-02","mainEntityOfPage":"https:\/\/www.atila.cz\/vybrat-si-vhodny-zubni-kartacek-nemusi-byt-takova-veda-jak-postupovat-a-ceho-si-vsimat\/","author":{"@type":"Person","@id":"https:\/\/www.atila.cz\/author\/#Person","name":"","url":"https:\/\/www.atila.cz\/author\/","identifier":1,"image":{"@type":"ImageObject","@id":"https:\/\/secure.gravatar.com\/avatar\/40308b9402d145b1dc164f447b6506e9dadca8c8362c3ffb52df95e789c0fd10?s=96&d=mm&r=g","url":"https:\/\/secure.gravatar.com\/avatar\/40308b9402d145b1dc164f447b6506e9dadca8c8362c3ffb52df95e789c0fd10?s=96&d=mm&r=g","height":96,"width":96}},"publisher":{"@type":"Organization","name":"atila.cz","logo":{"@type":"ImageObject","@id":"\/logo.png","url":"\/logo.png","width":600,"height":60}},"image":{"@type":"ImageObject","@id":"https:\/\/www.atila.cz\/wp-content\/uploads\/pexels-photo-925306_1.jpeg","url":"https:\/\/www.atila.cz\/wp-content\/uploads\/pexels-photo-925306_1.jpeg","height":0,"width":0},"keywords":null},{"@type":"Article","@id":"https:\/\/www.atila.cz\/vyberte-si-reklamni-predmety-ktere-vam-zaruci-uspech-co-zviditelni-vasi-firmu\/","headline":"Vyberte si reklamn\u00ed p\u0159edm\u011bty, kter\u00e9 v\u00e1m zaru\u010d\u00ed \u00fasp\u011bch &#8211; Co zviditeln\u00ed va\u0161i firmu?","url":"https:\/\/www.atila.cz\/vyberte-si-reklamni-predmety-ktere-vam-zaruci-uspech-co-zviditelni-vasi-firmu\/","datePublished":"2021-08-05","dateModified":"2023-05-19","mainEntityOfPage":"https:\/\/www.atila.cz\/vyberte-si-reklamni-predmety-ktere-vam-zaruci-uspech-co-zviditelni-vasi-firmu\/","author":{"@type":"Person","@id":"https:\/\/www.atila.cz\/author\/#Person","name":"","url":"https:\/\/www.atila.cz\/author\/","identifier":1,"image":{"@type":"ImageObject","@id":"https:\/\/secure.gravatar.com\/avatar\/40308b9402d145b1dc164f447b6506e9dadca8c8362c3ffb52df95e789c0fd10?s=96&d=mm&r=g","url":"https:\/\/secure.gravatar.com\/avatar\/40308b9402d145b1dc164f447b6506e9dadca8c8362c3ffb52df95e789c0fd10?s=96&d=mm&r=g","height":96,"width":96}},"publisher":{"@type":"Organization","name":"atila.cz","logo":{"@type":"ImageObject","@id":"\/logo.png","url":"\/logo.png","width":600,"height":60}},"image":{"@type":"ImageObject","@id":"https:\/\/www.atila.cz\/wp-content\/uploads\/pexels-photo-1201996.jpeg","url":"https:\/\/www.atila.cz\/wp-content\/uploads\/pexels-photo-1201996.jpeg","height":0,"width":0},"keywords":null},{"@type":"Article","@id":"https:\/\/www.atila.cz\/sedaci-vaky-duo-fluo-oranzove-lekoricove-vyzdobi-vas-interier-a-nejen-to\/","headline":"Sedac\u00ed vaky Duo Fluo oran\u017eov\u00e9 L\u00e9ko\u0159icov\u00e9 vyzdob\u00ed v\u00e1\u0161 interi\u00e9r a nejen to","url":"https:\/\/www.atila.cz\/sedaci-vaky-duo-fluo-oranzove-lekoricove-vyzdobi-vas-interier-a-nejen-to\/","datePublished":"2021-06-22","dateModified":"2023-05-19","mainEntityOfPage":"https:\/\/www.atila.cz\/sedaci-vaky-duo-fluo-oranzove-lekoricove-vyzdobi-vas-interier-a-nejen-to\/","author":{"@type":"Person","@id":"https:\/\/www.atila.cz\/author\/#Person","name":"","url":"https:\/\/www.atila.cz\/author\/","identifier":1,"image":{"@type":"ImageObject","@id":"https:\/\/secure.gravatar.com\/avatar\/40308b9402d145b1dc164f447b6506e9dadca8c8362c3ffb52df95e789c0fd10?s=96&d=mm&r=g","url":"https:\/\/secure.gravatar.com\/avatar\/40308b9402d145b1dc164f447b6506e9dadca8c8362c3ffb52df95e789c0fd10?s=96&d=mm&r=g","height":96,"width":96}},"publisher":{"@type":"Organization","name":"atila.cz","logo":{"@type":"ImageObject","@id":"\/logo.png","url":"\/logo.png","width":600,"height":60}},"image":{"@type":"ImageObject","@id":"https:\/\/www.atila.cz\/wp-content\/uploads\/sedac%C3%AD%20vak%20venku.JPG","url":"https:\/\/www.atila.cz\/wp-content\/uploads\/sedac%C3%AD%20vak%20venku.JPG","height":0,"width":0},"keywords":null}]}