{"@context":"https:\/\/schema.org\/","@type":"CollectionPage","@id":"https:\/\/www.atila.cz\/nakupy\/#CollectionPage","headline":"N\u00e1kupy Category","description":"","url":"https:\/\/www.atila.cz\/nakupy\/","hasPart":[{"@type":"Article","@id":"https:\/\/www.atila.cz\/vyplnovy-material-do-krabic-nemusi-byt-nutne-stary-textil-a-vyrazene-noviny\/","headline":"V\u00fdpl\u0148ov\u00fd materi\u00e1l do krabic nemus\u00ed b\u00fdt nutn\u011b star\u00fd textil a vy\u0159azen\u00e9 noviny","url":"https:\/\/www.atila.cz\/vyplnovy-material-do-krabic-nemusi-byt-nutne-stary-textil-a-vyrazene-noviny\/","datePublished":"2021-06-20","dateModified":"2023-05-19","mainEntityOfPage":"https:\/\/www.atila.cz\/vyplnovy-material-do-krabic-nemusi-byt-nutne-stary-textil-a-vyrazene-noviny\/","author":{"@type":"Person","@id":"https:\/\/www.atila.cz\/author\/#Person","name":"","url":"https:\/\/www.atila.cz\/author\/","identifier":1,"image":{"@type":"ImageObject","@id":"https:\/\/secure.gravatar.com\/avatar\/40308b9402d145b1dc164f447b6506e9dadca8c8362c3ffb52df95e789c0fd10?s=96&d=mm&r=g","url":"https:\/\/secure.gravatar.com\/avatar\/40308b9402d145b1dc164f447b6506e9dadca8c8362c3ffb52df95e789c0fd10?s=96&d=mm&r=g","height":96,"width":96}},"publisher":{"@type":"Organization","name":"atila.cz","logo":{"@type":"ImageObject","@id":"\/logo.png","url":"\/logo.png","width":600,"height":60}},"image":{"@type":"ImageObject","@id":"https:\/\/www.atila.cz\/wp-content\/uploads\/kartonov%C3%A9%20krabice_10_10_1.jpg","url":"https:\/\/www.atila.cz\/wp-content\/uploads\/kartonov%C3%A9%20krabice_10_10_1.jpg","height":0,"width":0},"keywords":null},{"@type":"Article","@id":"https:\/\/www.atila.cz\/kamen-jako-obkladovy-material-hodi-se-do-exterieru-i-interieru-jak-jej-vybirat\/","headline":"K\u00e1men jako obkladov\u00fd materi\u00e1l &#8211; Hod\u00ed se do exteri\u00e9r\u016f i interi\u00e9r\u016f, jak jej vyb\u00edrat?","url":"https:\/\/www.atila.cz\/kamen-jako-obkladovy-material-hodi-se-do-exterieru-i-interieru-jak-jej-vybirat\/","datePublished":"2021-06-04","dateModified":"2023-09-19","mainEntityOfPage":"https:\/\/www.atila.cz\/kamen-jako-obkladovy-material-hodi-se-do-exterieru-i-interieru-jak-jej-vybirat\/","author":{"@type":"Person","@id":"https:\/\/www.atila.cz\/author\/#Person","name":"","url":"https:\/\/www.atila.cz\/author\/","identifier":1,"image":{"@type":"ImageObject","@id":"https:\/\/secure.gravatar.com\/avatar\/40308b9402d145b1dc164f447b6506e9dadca8c8362c3ffb52df95e789c0fd10?s=96&d=mm&r=g","url":"https:\/\/secure.gravatar.com\/avatar\/40308b9402d145b1dc164f447b6506e9dadca8c8362c3ffb52df95e789c0fd10?s=96&d=mm&r=g","height":96,"width":96}},"publisher":{"@type":"Organization","name":"atila.cz","logo":{"@type":"ImageObject","@id":"\/logo.png","url":"\/logo.png","width":600,"height":60}},"image":{"@type":"ImageObject","@id":"https:\/\/www.atila.cz\/wp-content\/uploads\/pexels-photo-259915.jpeg","url":"https:\/\/www.atila.cz\/wp-content\/uploads\/pexels-photo-259915.jpeg","height":0,"width":0},"keywords":null},{"@type":"Article","@id":"https:\/\/www.atila.cz\/jak-pribrat\/","headline":"Jak p\u0159ibrat?","url":"https:\/\/www.atila.cz\/jak-pribrat\/","datePublished":"2021-03-19","dateModified":"2023-09-13","mainEntityOfPage":"https:\/\/www.atila.cz\/jak-pribrat\/","author":{"@type":"Person","@id":"https:\/\/www.atila.cz\/author\/#Person","name":"","url":"https:\/\/www.atila.cz\/author\/","identifier":1,"image":{"@type":"ImageObject","@id":"https:\/\/secure.gravatar.com\/avatar\/40308b9402d145b1dc164f447b6506e9dadca8c8362c3ffb52df95e789c0fd10?s=96&d=mm&r=g","url":"https:\/\/secure.gravatar.com\/avatar\/40308b9402d145b1dc164f447b6506e9dadca8c8362c3ffb52df95e789c0fd10?s=96&d=mm&r=g","height":96,"width":96}},"publisher":{"@type":"Organization","name":"atila.cz","logo":{"@type":"ImageObject","@id":"\/logo.png","url":"\/logo.png","width":600,"height":60}},"image":{"@type":"ImageObject","@id":"https:\/\/www.atila.cz\/wp-content\/uploads\/nezdrav%C3%A9%20j%C3%ADdlo.PNG","url":"https:\/\/www.atila.cz\/wp-content\/uploads\/nezdrav%C3%A9%20j%C3%ADdlo.PNG","height":0,"width":0},"keywords":null},{"@type":"Article","@id":"https:\/\/www.atila.cz\/cista-voda-v-bazenu\/","headline":"\u010cist\u00e1 voda v baz\u00e9nu","url":"https:\/\/www.atila.cz\/cista-voda-v-bazenu\/","datePublished":"2021-03-16","dateModified":"2023-05-19","mainEntityOfPage":"https:\/\/www.atila.cz\/cista-voda-v-bazenu\/","author":{"@type":"Person","@id":"https:\/\/www.atila.cz\/author\/#Person","name":"","url":"https:\/\/www.atila.cz\/author\/","identifier":1,"image":{"@type":"ImageObject","@id":"https:\/\/secure.gravatar.com\/avatar\/40308b9402d145b1dc164f447b6506e9dadca8c8362c3ffb52df95e789c0fd10?s=96&d=mm&r=g","url":"https:\/\/secure.gravatar.com\/avatar\/40308b9402d145b1dc164f447b6506e9dadca8c8362c3ffb52df95e789c0fd10?s=96&d=mm&r=g","height":96,"width":96}},"publisher":{"@type":"Organization","name":"atila.cz","logo":{"@type":"ImageObject","@id":"\/logo.png","url":"\/logo.png","width":600,"height":60}},"image":{"@type":"ImageObject","@id":"https:\/\/www.atila.cz\/wp-content\/uploads\/%C4%8Dist%C3%A1%20voda_10_4.jpg","url":"https:\/\/www.atila.cz\/wp-content\/uploads\/%C4%8Dist%C3%A1%20voda_10_4.jpg","height":0,"width":0},"keywords":null},{"@type":"Article","@id":"https:\/\/www.atila.cz\/krasne-sedacky\/","headline":"Kr\u00e1sn\u00e9 seda\u010dky","url":"https:\/\/www.atila.cz\/krasne-sedacky\/","datePublished":"2020-11-11","dateModified":"2023-05-19","mainEntityOfPage":"https:\/\/www.atila.cz\/krasne-sedacky\/","author":{"@type":"Person","@id":"https:\/\/www.atila.cz\/author\/#Person","name":"","url":"https:\/\/www.atila.cz\/author\/","identifier":1,"image":{"@type":"ImageObject","@id":"https:\/\/secure.gravatar.com\/avatar\/40308b9402d145b1dc164f447b6506e9dadca8c8362c3ffb52df95e789c0fd10?s=96&d=mm&r=g","url":"https:\/\/secure.gravatar.com\/avatar\/40308b9402d145b1dc164f447b6506e9dadca8c8362c3ffb52df95e789c0fd10?s=96&d=mm&r=g","height":96,"width":96}},"publisher":{"@type":"Organization","name":"atila.cz","logo":{"@type":"ImageObject","@id":"\/logo.png","url":"\/logo.png","width":600,"height":60}},"image":null,"keywords":null},{"@type":"Article","@id":"https:\/\/www.atila.cz\/uz-ma-vase-auto-svou-kouli\/","headline":"U\u017e m\u00e1 va\u0161e auto svou kouli?","url":"https:\/\/www.atila.cz\/uz-ma-vase-auto-svou-kouli\/","datePublished":"2020-05-15","dateModified":"2023-05-19","mainEntityOfPage":"https:\/\/www.atila.cz\/uz-ma-vase-auto-svou-kouli\/","author":{"@type":"Person","@id":"https:\/\/www.atila.cz\/author\/#Person","name":"","url":"https:\/\/www.atila.cz\/author\/","identifier":1,"image":{"@type":"ImageObject","@id":"https:\/\/secure.gravatar.com\/avatar\/40308b9402d145b1dc164f447b6506e9dadca8c8362c3ffb52df95e789c0fd10?s=96&d=mm&r=g","url":"https:\/\/secure.gravatar.com\/avatar\/40308b9402d145b1dc164f447b6506e9dadca8c8362c3ffb52df95e789c0fd10?s=96&d=mm&r=g","height":96,"width":96}},"publisher":{"@type":"Organization","name":"atila.cz","logo":{"@type":"ImageObject","@id":"\/logo.png","url":"\/logo.png","width":600,"height":60}},"image":{"@type":"ImageObject","@id":"https:\/\/www.atila.cz\/wp-content\/uploads\/trailers-1581033_640.jpg","url":"https:\/\/www.atila.cz\/wp-content\/uploads\/trailers-1581033_640.jpg","height":0,"width":0},"keywords":null},{"@type":"Article","@id":"https:\/\/www.atila.cz\/diky-nasemu-pripravku-ziskate-dokonale-krivky\/","headline":"D\u00edky na\u0161emu p\u0159\u00edpravku z\u00edsk\u00e1te dokonal\u00e9 k\u0159ivky","url":"https:\/\/www.atila.cz\/diky-nasemu-pripravku-ziskate-dokonale-krivky\/","datePublished":"2020-02-17","dateModified":"2023-05-19","mainEntityOfPage":"https:\/\/www.atila.cz\/diky-nasemu-pripravku-ziskate-dokonale-krivky\/","author":{"@type":"Person","@id":"https:\/\/www.atila.cz\/author\/#Person","name":"","url":"https:\/\/www.atila.cz\/author\/","identifier":1,"image":{"@type":"ImageObject","@id":"https:\/\/secure.gravatar.com\/avatar\/40308b9402d145b1dc164f447b6506e9dadca8c8362c3ffb52df95e789c0fd10?s=96&d=mm&r=g","url":"https:\/\/secure.gravatar.com\/avatar\/40308b9402d145b1dc164f447b6506e9dadca8c8362c3ffb52df95e789c0fd10?s=96&d=mm&r=g","height":96,"width":96}},"publisher":{"@type":"Organization","name":"atila.cz","logo":{"@type":"ImageObject","@id":"\/logo.png","url":"\/logo.png","width":600,"height":60}},"image":{"@type":"ImageObject","@id":"https:\/\/www.atila.cz\/wp-content\/uploads\/img_a379821_w3196_t1591351625.jpg","url":"https:\/\/www.atila.cz\/wp-content\/uploads\/img_a379821_w3196_t1591351625.jpg","height":0,"width":0},"keywords":null},{"@type":"Article","@id":"https:\/\/www.atila.cz\/obalka-ktera-se-vyplati\/","headline":"Ob\u00e1lka, kter\u00e1 se vyplat\u00ed","url":"https:\/\/www.atila.cz\/obalka-ktera-se-vyplati\/","datePublished":"2019-09-12","dateModified":"2023-05-19","mainEntityOfPage":"https:\/\/www.atila.cz\/obalka-ktera-se-vyplati\/","author":{"@type":"Person","@id":"https:\/\/www.atila.cz\/author\/#Person","name":"","url":"https:\/\/www.atila.cz\/author\/","identifier":1,"image":{"@type":"ImageObject","@id":"https:\/\/secure.gravatar.com\/avatar\/40308b9402d145b1dc164f447b6506e9dadca8c8362c3ffb52df95e789c0fd10?s=96&d=mm&r=g","url":"https:\/\/secure.gravatar.com\/avatar\/40308b9402d145b1dc164f447b6506e9dadca8c8362c3ffb52df95e789c0fd10?s=96&d=mm&r=g","height":96,"width":96}},"publisher":{"@type":"Organization","name":"atila.cz","logo":{"@type":"ImageObject","@id":"\/logo.png","url":"\/logo.png","width":600,"height":60}},"image":{"@type":"ImageObject","@id":"https:\/\/www.atila.cz\/wp-content\/uploads\/img_a345284_w1715_t1558956731.png","url":"https:\/\/www.atila.cz\/wp-content\/uploads\/img_a345284_w1715_t1558956731.png","height":0,"width":0},"keywords":null},{"@type":"Article","@id":"https:\/\/www.atila.cz\/tohle-se-nesmi-nikdo-dozvedet\/","headline":"Tohle se nesm\u00ed nikdo dozv\u011bd\u011bt","url":"https:\/\/www.atila.cz\/tohle-se-nesmi-nikdo-dozvedet\/","datePublished":"2019-02-18","dateModified":"2023-05-19","mainEntityOfPage":"https:\/\/www.atila.cz\/tohle-se-nesmi-nikdo-dozvedet\/","author":{"@type":"Person","@id":"https:\/\/www.atila.cz\/author\/#Person","name":"","url":"https:\/\/www.atila.cz\/author\/","identifier":1,"image":{"@type":"ImageObject","@id":"https:\/\/secure.gravatar.com\/avatar\/40308b9402d145b1dc164f447b6506e9dadca8c8362c3ffb52df95e789c0fd10?s=96&d=mm&r=g","url":"https:\/\/secure.gravatar.com\/avatar\/40308b9402d145b1dc164f447b6506e9dadca8c8362c3ffb52df95e789c0fd10?s=96&d=mm&r=g","height":96,"width":96}},"publisher":{"@type":"Organization","name":"atila.cz","logo":{"@type":"ImageObject","@id":"\/logo.png","url":"\/logo.png","width":600,"height":60}},"image":{"@type":"ImageObject","@id":"https:\/\/www.atila.cz\/wp-content\/uploads\/img_a339209_w1746_t1552388222.jpg","url":"https:\/\/www.atila.cz\/wp-content\/uploads\/img_a339209_w1746_t1552388222.jpg","height":0,"width":0},"keywords":null},{"@type":"Article","@id":"https:\/\/www.atila.cz\/po-ukonceni-koupani-nasleduje-priprava-bazenu-na-zimu\/","headline":"Po ukon\u010den\u00ed koup\u00e1n\u00ed n\u00e1sleduje p\u0159\u00edprava baz\u00e9nu na zimu","url":"https:\/\/www.atila.cz\/po-ukonceni-koupani-nasleduje-priprava-bazenu-na-zimu\/","datePublished":"2018-11-04","dateModified":"2023-05-19","mainEntityOfPage":"https:\/\/www.atila.cz\/po-ukonceni-koupani-nasleduje-priprava-bazenu-na-zimu\/","author":{"@type":"Person","@id":"https:\/\/www.atila.cz\/author\/#Person","name":"","url":"https:\/\/www.atila.cz\/author\/","identifier":1,"image":{"@type":"ImageObject","@id":"https:\/\/secure.gravatar.com\/avatar\/40308b9402d145b1dc164f447b6506e9dadca8c8362c3ffb52df95e789c0fd10?s=96&d=mm&r=g","url":"https:\/\/secure.gravatar.com\/avatar\/40308b9402d145b1dc164f447b6506e9dadca8c8362c3ffb52df95e789c0fd10?s=96&d=mm&r=g","height":96,"width":96}},"publisher":{"@type":"Organization","name":"atila.cz","logo":{"@type":"ImageObject","@id":"\/logo.png","url":"\/logo.png","width":600,"height":60}},"image":{"@type":"ImageObject","@id":"https:\/\/www.atila.cz\/wp-content\/uploads\/img_a331698_w1743_t1544274286.jpg","url":"https:\/\/www.atila.cz\/wp-content\/uploads\/img_a331698_w1743_t1544274286.jpg","height":0,"width":0},"keywords":null}]}