[{"@context":"https:\/\/schema.org\/","@type":"Blog","@id":"https:\/\/www.atila.cz#Blog","headline":"Atila","description":"\nM\u00e1te probl\u00e9m\u016f a\u017e nad hlavu a nev\u00edte u\u017e skute\u010dn\u011b, kam se je\u0161t\u011b obr\u00e1tit s \u017e\u00e1dost\u00ed \u010di p\u0159\u00edmo prosbou o pomoc? A co kdybyste to zkusili na na\u0161em webu?","url":"https:\/\/www.atila.cz","hasPart":[{"@type":"Article","@id":"https:\/\/www.atila.cz\/to-prave-i-pro-vase-vozidlo\/","headline":"To prav\u00e9 i pro Va\u0161e vozidlo","url":"https:\/\/www.atila.cz\/to-prave-i-pro-vase-vozidlo\/","datePublished":"2023-05-19","dateModified":"2023-05-19","mainEntityOfPage":"https:\/\/www.atila.cz\/to-prave-i-pro-vase-vozidlo\/","author":{"@type":"Person","@id":"https:\/\/www.atila.cz\/author\/#Person","name":"","url":"https:\/\/www.atila.cz\/author\/","identifier":1,"image":{"@type":"ImageObject","@id":"https:\/\/secure.gravatar.com\/avatar\/40308b9402d145b1dc164f447b6506e9dadca8c8362c3ffb52df95e789c0fd10?s=96&d=mm&r=g","url":"https:\/\/secure.gravatar.com\/avatar\/40308b9402d145b1dc164f447b6506e9dadca8c8362c3ffb52df95e789c0fd10?s=96&d=mm&r=g","height":96,"width":96}},"publisher":{"@type":"Organization","name":"atila.cz","logo":{"@type":"ImageObject","@id":"\/logo.png","url":"\/logo.png","width":600,"height":60}},"image":null,"wordCount":377,"keywords":null},{"@type":"Article","@id":"https:\/\/www.atila.cz\/prehravejte-si-krasne-okamziky-kdykoli-budete-chtit\/","headline":"P\u0159ehr\u00e1vejte si kr\u00e1sn\u00e9 okam\u017eiky kdykoli budete cht\u00edt","url":"https:\/\/www.atila.cz\/prehravejte-si-krasne-okamziky-kdykoli-budete-chtit\/","datePublished":"2023-04-14","dateModified":"2024-04-15","mainEntityOfPage":"https:\/\/www.atila.cz\/prehravejte-si-krasne-okamziky-kdykoli-budete-chtit\/","author":{"@type":"Person","@id":"https:\/\/www.atila.cz\/author\/#Person","name":"","url":"https:\/\/www.atila.cz\/author\/","identifier":1,"image":{"@type":"ImageObject","@id":"https:\/\/secure.gravatar.com\/avatar\/40308b9402d145b1dc164f447b6506e9dadca8c8362c3ffb52df95e789c0fd10?s=96&d=mm&r=g","url":"https:\/\/secure.gravatar.com\/avatar\/40308b9402d145b1dc164f447b6506e9dadca8c8362c3ffb52df95e789c0fd10?s=96&d=mm&r=g","height":96,"width":96}},"publisher":{"@type":"Organization","name":"atila.cz","logo":{"@type":"ImageObject","@id":"\/logo.png","url":"\/logo.png","width":600,"height":60}},"image":null,"wordCount":464,"keywords":null},{"@type":"Article","@id":"https:\/\/www.atila.cz\/kvalitni-hypoteku-dostanete-diky-nasi-firme\/","headline":"Kvalitn\u00ed hypot\u00e9ku dostanete d\u00edky na\u0161\u00ed firm\u011b","url":"https:\/\/www.atila.cz\/kvalitni-hypoteku-dostanete-diky-nasi-firme\/","datePublished":"2023-03-08","dateModified":"2024-03-11","mainEntityOfPage":"https:\/\/www.atila.cz\/kvalitni-hypoteku-dostanete-diky-nasi-firme\/","author":{"@type":"Person","@id":"https:\/\/www.atila.cz\/author\/#Person","name":"","url":"https:\/\/www.atila.cz\/author\/","identifier":1,"image":{"@type":"ImageObject","@id":"https:\/\/secure.gravatar.com\/avatar\/40308b9402d145b1dc164f447b6506e9dadca8c8362c3ffb52df95e789c0fd10?s=96&d=mm&r=g","url":"https:\/\/secure.gravatar.com\/avatar\/40308b9402d145b1dc164f447b6506e9dadca8c8362c3ffb52df95e789c0fd10?s=96&d=mm&r=g","height":96,"width":96}},"publisher":{"@type":"Organization","name":"atila.cz","logo":{"@type":"ImageObject","@id":"\/logo.png","url":"\/logo.png","width":600,"height":60}},"image":null,"wordCount":433,"keywords":null},{"@type":"Article","@id":"https:\/\/www.atila.cz\/uvazujete-o-pronajmu-nemovitosti\/","headline":"Uva\u017eujete o pron\u00e1jmu nemovitosti?","url":"https:\/\/www.atila.cz\/uvazujete-o-pronajmu-nemovitosti\/","datePublished":"2023-02-24","dateModified":"2023-02-24","mainEntityOfPage":"https:\/\/www.atila.cz\/uvazujete-o-pronajmu-nemovitosti\/","author":{"@type":"Person","@id":"https:\/\/www.atila.cz\/author\/#Person","name":"","url":"https:\/\/www.atila.cz\/author\/","identifier":1,"image":{"@type":"ImageObject","@id":"https:\/\/secure.gravatar.com\/avatar\/40308b9402d145b1dc164f447b6506e9dadca8c8362c3ffb52df95e789c0fd10?s=96&d=mm&r=g","url":"https:\/\/secure.gravatar.com\/avatar\/40308b9402d145b1dc164f447b6506e9dadca8c8362c3ffb52df95e789c0fd10?s=96&d=mm&r=g","height":96,"width":96}},"publisher":{"@type":"Organization","name":"atila.cz","logo":{"@type":"ImageObject","@id":"\/logo.png","url":"\/logo.png","width":600,"height":60}},"image":{"@type":"ImageObject","@id":"https:\/\/www.atila.cz\/wp-content\/uploads\/chorva.JPG","url":"https:\/\/www.atila.cz\/wp-content\/uploads\/chorva.JPG","height":0,"width":0},"wordCount":608,"keywords":null},{"@type":"Article","@id":"https:\/\/www.atila.cz\/do-ceho-musi-podnikatel-dat-penize\/","headline":"Do \u010deho mus\u00ed podnikatel d\u00e1t pen\u00edze?","url":"https:\/\/www.atila.cz\/do-ceho-musi-podnikatel-dat-penize\/","datePublished":"2023-02-20","dateModified":"2023-02-20","mainEntityOfPage":"https:\/\/www.atila.cz\/do-ceho-musi-podnikatel-dat-penize\/","author":{"@type":"Person","@id":"https:\/\/www.atila.cz\/author\/#Person","name":"","url":"https:\/\/www.atila.cz\/author\/","identifier":1,"image":{"@type":"ImageObject","@id":"https:\/\/secure.gravatar.com\/avatar\/40308b9402d145b1dc164f447b6506e9dadca8c8362c3ffb52df95e789c0fd10?s=96&d=mm&r=g","url":"https:\/\/secure.gravatar.com\/avatar\/40308b9402d145b1dc164f447b6506e9dadca8c8362c3ffb52df95e789c0fd10?s=96&d=mm&r=g","height":96,"width":96}},"publisher":{"@type":"Organization","name":"atila.cz","logo":{"@type":"ImageObject","@id":"\/logo.png","url":"\/logo.png","width":600,"height":60}},"image":{"@type":"ImageObject","@id":"https:\/\/www.atila.cz\/wp-content\/uploads\/businesswoman-4126489__340.jpg","url":"https:\/\/www.atila.cz\/wp-content\/uploads\/businesswoman-4126489__340.jpg","height":0,"width":0},"wordCount":525,"keywords":null},{"@type":"Article","@id":"https:\/\/www.atila.cz\/kocarek-od-prvniho-dne\/","headline":"Ko\u010d\u00e1rek od prvn\u00edho dne","url":"https:\/\/www.atila.cz\/kocarek-od-prvniho-dne\/","datePublished":"2023-01-21","dateModified":"2023-05-19","mainEntityOfPage":"https:\/\/www.atila.cz\/kocarek-od-prvniho-dne\/","author":{"@type":"Person","@id":"https:\/\/www.atila.cz\/author\/#Person","name":"","url":"https:\/\/www.atila.cz\/author\/","identifier":1,"image":{"@type":"ImageObject","@id":"https:\/\/secure.gravatar.com\/avatar\/40308b9402d145b1dc164f447b6506e9dadca8c8362c3ffb52df95e789c0fd10?s=96&d=mm&r=g","url":"https:\/\/secure.gravatar.com\/avatar\/40308b9402d145b1dc164f447b6506e9dadca8c8362c3ffb52df95e789c0fd10?s=96&d=mm&r=g","height":96,"width":96}},"publisher":{"@type":"Organization","name":"atila.cz","logo":{"@type":"ImageObject","@id":"\/logo.png","url":"\/logo.png","width":600,"height":60}},"image":{"@type":"ImageObject","@id":"https:\/\/www.atila.cz\/wp-content\/uploads\/family-7551390_640_5.jpg","url":"https:\/\/www.atila.cz\/wp-content\/uploads\/family-7551390_640_5.jpg","height":0,"width":0},"wordCount":551,"keywords":null},{"@type":"Article","@id":"https:\/\/www.atila.cz\/cestovani-podle-vaseho-gusta\/","headline":"Cestov\u00e1n\u00ed podle Va\u0161eho gusta","url":"https:\/\/www.atila.cz\/cestovani-podle-vaseho-gusta\/","datePublished":"2022-12-30","dateModified":"2022-12-30","mainEntityOfPage":"https:\/\/www.atila.cz\/cestovani-podle-vaseho-gusta\/","author":{"@type":"Person","@id":"https:\/\/www.atila.cz\/author\/#Person","name":"","url":"https:\/\/www.atila.cz\/author\/","identifier":1,"image":{"@type":"ImageObject","@id":"https:\/\/secure.gravatar.com\/avatar\/40308b9402d145b1dc164f447b6506e9dadca8c8362c3ffb52df95e789c0fd10?s=96&d=mm&r=g","url":"https:\/\/secure.gravatar.com\/avatar\/40308b9402d145b1dc164f447b6506e9dadca8c8362c3ffb52df95e789c0fd10?s=96&d=mm&r=g","height":96,"width":96}},"publisher":{"@type":"Organization","name":"atila.cz","logo":{"@type":"ImageObject","@id":"\/logo.png","url":"\/logo.png","width":600,"height":60}},"image":{"@type":"ImageObject","@id":"https:\/\/www.atila.cz\/wp-content\/uploads\/globe-trotter-1828079_640_1.jpg","url":"https:\/\/www.atila.cz\/wp-content\/uploads\/globe-trotter-1828079_640_1.jpg","height":0,"width":0},"wordCount":516,"keywords":null},{"@type":"Article","@id":"https:\/\/www.atila.cz\/prace-co-bavi\/","headline":"Pr\u00e1ce, co bav\u00ed","url":"https:\/\/www.atila.cz\/prace-co-bavi\/","datePublished":"2022-12-27","dateModified":"2023-07-21","mainEntityOfPage":"https:\/\/www.atila.cz\/prace-co-bavi\/","author":{"@type":"Person","@id":"https:\/\/www.atila.cz\/author\/#Person","name":"","url":"https:\/\/www.atila.cz\/author\/","identifier":1,"image":{"@type":"ImageObject","@id":"https:\/\/secure.gravatar.com\/avatar\/40308b9402d145b1dc164f447b6506e9dadca8c8362c3ffb52df95e789c0fd10?s=96&d=mm&r=g","url":"https:\/\/secure.gravatar.com\/avatar\/40308b9402d145b1dc164f447b6506e9dadca8c8362c3ffb52df95e789c0fd10?s=96&d=mm&r=g","height":96,"width":96}},"publisher":{"@type":"Organization","name":"atila.cz","logo":{"@type":"ImageObject","@id":"\/logo.png","url":"\/logo.png","width":600,"height":60}},"image":{"@type":"ImageObject","@id":"https:\/\/www.atila.cz\/wp-content\/uploads\/construction-site-1156566_960_720.jpg","url":"https:\/\/www.atila.cz\/wp-content\/uploads\/construction-site-1156566_960_720.jpg","height":0,"width":0},"wordCount":604,"keywords":null},{"@type":"Article","@id":"https:\/\/www.atila.cz\/jak-se-oblekat-po-tricitce\/","headline":"Jak se obl\u00e9kat po t\u0159ic\u00edtce?","url":"https:\/\/www.atila.cz\/jak-se-oblekat-po-tricitce\/","datePublished":"2022-12-25","dateModified":"2023-05-19","mainEntityOfPage":"https:\/\/www.atila.cz\/jak-se-oblekat-po-tricitce\/","author":{"@type":"Person","@id":"https:\/\/www.atila.cz\/author\/#Person","name":"","url":"https:\/\/www.atila.cz\/author\/","identifier":1,"image":{"@type":"ImageObject","@id":"https:\/\/secure.gravatar.com\/avatar\/40308b9402d145b1dc164f447b6506e9dadca8c8362c3ffb52df95e789c0fd10?s=96&d=mm&r=g","url":"https:\/\/secure.gravatar.com\/avatar\/40308b9402d145b1dc164f447b6506e9dadca8c8362c3ffb52df95e789c0fd10?s=96&d=mm&r=g","height":96,"width":96}},"publisher":{"@type":"Organization","name":"atila.cz","logo":{"@type":"ImageObject","@id":"\/logo.png","url":"\/logo.png","width":600,"height":60}},"image":{"@type":"ImageObject","@id":"https:\/\/www.atila.cz\/wp-content\/uploads\/pexels-marcus-silva-14984388.jpg","url":"https:\/\/www.atila.cz\/wp-content\/uploads\/pexels-marcus-silva-14984388.jpg","height":0,"width":0},"wordCount":709,"keywords":null},{"@type":"Article","@id":"https:\/\/www.atila.cz\/kde-uzijete-stazene-hudebni-soubory\/","headline":"Kde u\u017eijete sta\u017een\u00e9 hudebn\u00ed soubory","url":"https:\/\/www.atila.cz\/kde-uzijete-stazene-hudebni-soubory\/","datePublished":"2022-12-23","dateModified":"2023-10-03","mainEntityOfPage":"https:\/\/www.atila.cz\/kde-uzijete-stazene-hudebni-soubory\/","author":{"@type":"Person","@id":"https:\/\/www.atila.cz\/author\/#Person","name":"","url":"https:\/\/www.atila.cz\/author\/","identifier":1,"image":{"@type":"ImageObject","@id":"https:\/\/secure.gravatar.com\/avatar\/40308b9402d145b1dc164f447b6506e9dadca8c8362c3ffb52df95e789c0fd10?s=96&d=mm&r=g","url":"https:\/\/secure.gravatar.com\/avatar\/40308b9402d145b1dc164f447b6506e9dadca8c8362c3ffb52df95e789c0fd10?s=96&d=mm&r=g","height":96,"width":96}},"publisher":{"@type":"Organization","name":"atila.cz","logo":{"@type":"ImageObject","@id":"\/logo.png","url":"\/logo.png","width":600,"height":60}},"image":{"@type":"ImageObject","@id":"https:\/\/www.atila.cz\/wp-content\/uploads\/piano-g38225896e_640.jpg","url":"https:\/\/www.atila.cz\/wp-content\/uploads\/piano-g38225896e_640.jpg","height":0,"width":0},"wordCount":550,"keywords":null}]},{"@context":"https:\/\/schema.org","@type":"WebSite","@id":"https:\/\/www.atila.cz\/#website","name":"Atila","url":"https:\/\/www.atila.cz","potentialAction":{"@type":"SearchAction","target":"https:\/\/www.atila.cz\/?s={search_term_string}","query-input":"required name=search_term_string"}}]