[{"@context":"https:\/\/schema.org\/","@type":"Article","@id":"https:\/\/www.atila.cz\/prace-co-bavi\/#Article","mainEntityOfPage":"https:\/\/www.atila.cz\/prace-co-bavi\/","headline":"Pr\u00e1ce, co bav\u00ed","name":"Pr\u00e1ce, co bav\u00ed","description":"Mysl\u00edte si, \u017ee v\u00fdroba kontejner\u016f je opravdu jednoduch\u00e1? Tak pokud si to mysl\u00edte, tak se b\u011b\u017ete pod\u00edvat na webov\u00e9 str\u00e1nky... <a href=\"https:\/\/www.atila.cz\/prace-co-bavi\/\">read more<\/a>","datePublished":"2022-12-27","dateModified":"2023-07-21","author":{"@type":"Person","@id":"https:\/\/www.atila.cz\/author\/#Person","name":"","url":"https:\/\/www.atila.cz\/author\/","identifier":1,"image":{"@type":"ImageObject","@id":"https:\/\/secure.gravatar.com\/avatar\/40308b9402d145b1dc164f447b6506e9dadca8c8362c3ffb52df95e789c0fd10?s=96&d=mm&r=g","url":"https:\/\/secure.gravatar.com\/avatar\/40308b9402d145b1dc164f447b6506e9dadca8c8362c3ffb52df95e789c0fd10?s=96&d=mm&r=g","height":96,"width":96}},"publisher":{"@type":"Organization","name":"atila.cz","logo":{"@type":"ImageObject","@id":"\/logo.png","url":"\/logo.png","width":600,"height":60}},"image":{"@type":"ImageObject","@id":"https:\/\/www.atila.cz\/wp-content\/uploads\/construction-site-1156566_960_720.jpg","url":"https:\/\/www.atila.cz\/wp-content\/uploads\/construction-site-1156566_960_720.jpg","height":0,"width":0},"url":"https:\/\/www.atila.cz\/prace-co-bavi\/","about":["N\u00e1kupy"],"wordCount":419,"articleBody":"         Mysl\u00edte si, \u017ee v\u00fdroba kontejner\u016f je opravdu jednoduch\u00e1? Tak pokud si to mysl\u00edte, tak se b\u011b\u017ete pod\u00edvat na webov\u00e9 str\u00e1nky schoellerallibert.com, kde se dozv\u00edte opravdu mnoho informac\u00ed o v\u00fdrob\u011b kontejner\u016f, ale nejenom o nich. Tato firma nab\u00edz\u00ed nap\u0159\u00edklad tak\u00e9 plastov\u00e9 palety anebo dal\u0161\u00ed palety z r\u016fzn\u00fdch materi\u00e1l\u016f. Taky dal\u0161\u00ed kontejnery jako t\u0159eba nap\u0159\u00edklad IBC kontejnery, kter\u00e9 jsou velice obl\u00edben\u00e9 a taky \u017e\u00e1dan\u00e9 mezi firmami. Abych se p\u0159iznala, tak jsem od t\u00e9to firmy je\u0161t\u011b p\u0159ed rokem v\u016fbec nesly\u0161ela. Tak\u017ee tuto firmu zn\u00e1m pr\u00e1v\u011b jenom d\u00edky sv\u00e9mu p\u0159\u00edteli, kter\u00fd tam \u0161el pracovat. Mus\u00edm uznat, \u017ee ze za\u010d\u00e1tku jsem byla docela skeptick\u00e1, proto\u017ee p\u0159\u00edtele je sp\u00ed\u0161e takov\u00fd kancel\u00e1\u0159sk\u00fd typ, j\u00e1 tomu \u0159\u00edk\u00e1m kancel\u00e1\u0159sk\u00e1 krysa. M\u00e9mu p\u0159\u00edteli tohle p\u0159irovn\u00e1n\u00ed v\u016fbec nevad\u00ed, proto\u017ee si taky z toho u\u017e d\u011bl\u00e1 srandu. A nav\u00edc mi to p\u0159ijde velice mil\u00e9, \u017ee p\u0159\u00edtele se nebere v\u016fbec v\u00e1\u017en\u011b a dok\u00e1\u017ee si ze sebe ud\u011blat legraci. Takov\u00e9hle lidi m\u00e1m opravdu r\u00e1da, proto\u017ee je taky s nimi opravdu velk\u00e1 z\u00e1bava. A kdy\u017e jsem potom zjistila, \u017ee p\u0159\u00edtel bude m\u011bnit pr\u00e1ci v bance za v\u00fdrobu kontejner\u016f, tak jsem chv\u00edli kroutila hlavou. To jako mysl\u00ed v\u00e1\u017en\u011b? To t\u0159eba ale bude m\u00edt i m\u00e9n\u011b pen\u011bz? V\u016fbec jsem to nech\u00e1pala, tak jsem se zeptala p\u0159\u00edtele, co to m\u00e1 znamenat a jestli je to v\u016fbec pravda. A p\u0159\u00edtel mi \u0159ekl, \u017ee v\u00fdroba kontejner\u016f pro n\u011bj bude lep\u0161\u00ed, proto\u017ee u\u017e ho pr\u00fd z t\u00e9 banky bol\u00ed z\u00e1da, \u017ee pot\u0159ebuje v pr\u00e1ci v\u00edce pohybu. Ale na jednu stranu tohle ch\u00e1pu, proto\u017ee p\u0159\u00edtel je jinak a\u017e moc ak\u010dn\u00ed a r\u00e1d jezd\u00ed na v\u00fdlety. Tak\u017ee si mysl\u00edm, \u017ee na webov\u00fdch str\u00e1nk\u00e1ch schoelleralliber najdete spoustu inspirace a informac\u00ed, stejn\u011b jako m\u016fj p\u0159\u00edtel, kter\u00fd je ze sv\u00e9 nov\u00e9 pr\u00e1ce opravdu moc nad\u0161en\u00fd. A v\u00edte co? Je jedno, jestli p\u0159\u00edtel sed\u00ed v kancel\u00e1\u0159i nebo n\u011bco rozv\u00e1\u017e\u00ed nebo jestli vyr\u00e1b\u00ed kontejnery. Tady jde hlavn\u011b o to, aby to p\u0159\u00edtele bavilo a aby se p\u0159\u00edtel ka\u017ed\u00fd den do pr\u00e1ce t\u011b\u0161il.                                                                                                                                                                                                                                                                                                                                                                                           4\/5 - (11 votes)        "},{"@context":"https:\/\/schema.org\/","@type":"BreadcrumbList","itemListElement":[{"@type":"ListItem","position":1,"name":"Pr\u00e1ce, co bav\u00ed","item":"https:\/\/www.atila.cz\/prace-co-bavi\/#breadcrumbitem"}]}]