[{"@context":"https:\/\/schema.org\/","@type":"Article","@id":"https:\/\/www.atila.cz\/tradicni-doplnek\/#Article","mainEntityOfPage":"https:\/\/www.atila.cz\/tradicni-doplnek\/","headline":"Tradi\u010dn\u00ed dopln\u011bk","name":"Tradi\u010dn\u00ed dopln\u011bk","description":"Orient\u00e1ln\u00ed koberce pat\u0159\u00ed k tomu vybaven\u00ed, kter\u00e9 je i pro evropsk\u00e9 interi\u00e9ry obvykl\u00e9. Je mo\u017en\u00e9 \u0159\u00edci, \u017ee se jedn\u00e1 o... <a href=\"https:\/\/www.atila.cz\/tradicni-doplnek\/\">read more<\/a>","datePublished":"2024-12-14","dateModified":"2024-12-14","author":{"@type":"Person","@id":"https:\/\/www.atila.cz\/author\/#Person","name":"","url":"https:\/\/www.atila.cz\/author\/","identifier":1,"image":{"@type":"ImageObject","@id":"https:\/\/secure.gravatar.com\/avatar\/40308b9402d145b1dc164f447b6506e9dadca8c8362c3ffb52df95e789c0fd10?s=96&d=mm&r=g","url":"https:\/\/secure.gravatar.com\/avatar\/40308b9402d145b1dc164f447b6506e9dadca8c8362c3ffb52df95e789c0fd10?s=96&d=mm&r=g","height":96,"width":96}},"publisher":{"@type":"Organization","name":"atila.cz","logo":{"@type":"ImageObject","@id":"\/logo.png","url":"\/logo.png","width":600,"height":60}},"url":"https:\/\/www.atila.cz\/tradicni-doplnek\/","wordCount":265,"articleBody":"Orient\u00e1ln\u00ed koberce pat\u0159\u00ed k tomu vybaven\u00ed, kter\u00e9 je i pro evropsk\u00e9 interi\u00e9ry obvykl\u00e9. Je mo\u017en\u00e9 \u0159\u00edci, \u017ee se jedn\u00e1 o tradi\u010dn\u00ed bytov\u00fd dopln\u011bk. A\u010d tak vzd\u00e1len v\u0161emu evropsk\u00e9mu, je to dopln\u011bk velmi obl\u00edben\u00fd. Jeho s\u00edla je toti\u017e v tom, \u017ee p\u0159in\u00e1\u0161\u00ed do interi\u00e9ru kr\u00e1su, kter\u00e1 je zahalena tajemstv\u00edm stejn\u011b tak jako je tajemn\u00fd a okouzluj\u00edc\u00ed \u017eivot v Orientu. Pr\u00e1v\u011b tato neot\u0159el\u00e1 a nev\u0161edn\u00ed ozdoba je t\u00edm, co n\u00e1s s Orientem spojuje a sbli\u017euje. A nav\u00edc je to kr\u00e1sa, kter\u00e1 se v \u017e\u00e1dn\u00e9m prost\u0159ed\u00ed neztrat\u00ed. Hod\u00ed se jak do klasick\u00fdch interi\u00e9r\u016f tak i t\u011bch, kter\u00e9 jsou pojaty zcela modern\u011b. Velk\u00fd v\u00fdb\u011br, garance kvality Jestli chcete alespo\u0148 \u010d\u00e1ste\u010dn\u011b poznat Orient, jestli chcete nechat na sebe p\u016fsobit jeho kouzlo a nas\u00e1t jeho v\u016fni, tak si zaje\u010fte do Prahy. Nav\u0161tivte prodejnu firmy Buchara v samotn\u00e9m centru hlavn\u00edho m\u011bsta. Tady se ocitnete uprost\u0159ed orient\u00e1ln\u00ed n\u00e1dhery, kter\u00e1 v\u00e1m bude \u00fato\u010dit na v\u0161echny smysly. Orient\u00e1ln\u00ed koberce v po\u010dtu, v jak\u00e9m je jinde sotva najdete, v\u00e1m dop\u0159ej\u00ed \u00fa\u017easnou pod\u00edvanou. Vyb\u00edrat m\u016f\u017eete z v\u00edce jak p\u011bti tis\u00edc kus\u016f a nijak p\u0159i tom nemus\u00edte posp\u00edchat. Vyb\u00edr\u00e1te si dopln\u011bk, kter\u00fd s v\u00e1mi z\u016fstane mo\u017en\u00e1 u\u017e napo\u0159\u00e1d. Ur\u010dit\u011b se v\u00e1m neokouk\u00e1 a snadno ho nezni\u010d\u00edte.                                                                                                                                                                                                                                                                                                                                                                                        4\/5 - (2 votes)        "},{"@context":"https:\/\/schema.org\/","@type":"BreadcrumbList","itemListElement":[{"@type":"ListItem","position":1,"name":"Tradi\u010dn\u00ed dopln\u011bk","item":"https:\/\/www.atila.cz\/tradicni-doplnek\/#breadcrumbitem"}]}]